{"id":1257,"date":"2018-06-15T13:46:30","date_gmt":"2018-06-15T13:46:30","guid":{"rendered":"http:\/\/ict.uach.cl\/?p=1257"},"modified":"2018-06-15T13:52:28","modified_gmt":"2018-06-15T13:52:28","slug":"descubriendo-la-selva-valdiviana-de-hace-23-millones-de-anos","status":"publish","type":"post","link":"http:\/\/ict.uach.cl\/?p=1257&lang=es","title":{"rendered":"Dra. Ana Abarz\u00faa descubre la selva valdiviana de hace 23 millones de a\u00f1os"},"content":{"rendered":"<p>Junto a Carolina Sandoval estudian la flora f\u00f3sil del r\u00edo San Pedro para entender los cambios de vegetaci\u00f3n y clima y agregar un valor patrimonial al desarrollo tur\u00edstico de la comuna de Los Lagos. <a style=\"color: #3366ff;\" href=\"http:\/\/www.australvaldivia.cl\/impresa\/2018\/06\/15\/full\/cuerpo-principal\/4\/\" rel=\"noopener\" target=\"_blank\">Leer m\u00e1s<\/a><\/p>\n","protected":false},"excerpt":{"rendered":"<p>Junto a Carolina Sandoval estudian la flora f\u00f3sil del r\u00edo San Pedro para entender los cambios de vegetaci\u00f3n y clima y agregar un valor patrimonial al desarrollo tur\u00edstico de la comuna de Los Lagos. Leer m\u00e1s<\/p>\n","protected":false},"author":3,"featured_media":69,"comment_status":"open","ping_status":"open","sticky":false,"template":"","format":"standard","meta":[],"categories":[1],"tags":[],"jetpack_featured_media_url":"https:\/\/i0.wp.com\/ict.uach.cl\/wp-content\/uploads\/2016\/07\/Ana-e1684463702155.jpg?fit=150%2C150","jetpack_sharing_enabled":true,"jetpack_shortlink":"https:\/\/wp.me\/p7KgB1-kh","jetpack-related-posts":[],"_links":{"self":[{"href":"http:\/\/ict.uach.cl\/index.php?rest_route=\/wp\/v2\/posts\/1257"}],"collection":[{"href":"http:\/\/ict.uach.cl\/index.php?rest_route=\/wp\/v2\/posts"}],"about":[{"href":"http:\/\/ict.uach.cl\/index.php?rest_route=\/wp\/v2\/types\/post"}],"author":[{"embeddable":true,"href":"http:\/\/ict.uach.cl\/index.php?rest_route=\/wp\/v2\/users\/3"}],"replies":[{"embeddable":true,"href":"http:\/\/ict.uach.cl\/index.php?rest_route=%2Fwp%2Fv2%2Fcomments&post=1257"}],"version-history":[{"count":8,"href":"http:\/\/ict.uach.cl\/index.php?rest_route=\/wp\/v2\/posts\/1257\/revisions"}],"predecessor-version":[{"id":1265,"href":"http:\/\/ict.uach.cl\/index.php?rest_route=\/wp\/v2\/posts\/1257\/revisions\/1265"}],"wp:featuredmedia":[{"embeddable":true,"href":"http:\/\/ict.uach.cl\/index.php?rest_route=\/wp\/v2\/media\/69"}],"wp:attachment":[{"href":"http:\/\/ict.uach.cl\/index.php?rest_route=%2Fwp%2Fv2%2Fmedia&parent=1257"}],"wp:term":[{"taxonomy":"category","embeddable":true,"href":"http:\/\/ict.uach.cl\/index.php?rest_route=%2Fwp%2Fv2%2Fcategories&post=1257"},{"taxonomy":"post_tag","embeddable":true,"href":"http:\/\/ict.uach.cl\/index.php?rest_route=%2Fwp%2Fv2%2Ftags&post=1257"}],"curies":[{"name":"wp","href":"https:\/\/api.w.org\/{rel}","templated":true}]}}