{"id":280,"date":"2015-08-02T17:40:40","date_gmt":"2015-08-02T17:40:40","guid":{"rendered":"http:\/\/ict.uach.cl\/?p=280"},"modified":"2016-07-30T20:39:10","modified_gmt":"2016-07-30T20:39:10","slug":"el-dr-manuel-schilling-advirtio-la-necesidad-de-que-autoridades-dispongan-de-medidas-de-prevencion-ante-una-eventual-erupcion-del-volcan-mocho-choshuenco","status":"publish","type":"post","link":"http:\/\/ict.uach.cl\/?p=280&lang=es","title":{"rendered":"El Dr. Manuel Schilling advirti\u00f3 la necesidad de que autoridades dispongan de medidas de prevenci\u00f3n ante una eventual erupci\u00f3n del Volc\u00e1n Mocho-Choshuenco."},"content":{"rendered":"<p>El Volc\u00e1n Mocho-Choshuenco tendr\u00eda una frecuencia de erupci\u00f3n de aproximadamente 150 a\u00f1os y su \u00faltima erupci\u00f3n fue en 1864.<br \/>\n<!--more Leer m\u00e1s--><\/p>\n<p><a href=\"http:\/\/www.biobiochile.cl\/2015\/08\/02\/experto-advierte-necesidad-de-disponer-de-medidas-de-prevencion-por-volcan-mocho-choshuenco.shtml\" target=\"_blank\"><img decoding=\"async\" loading=\"lazy\" class=\" size-medium wp-image-395 aligncenter\" src=\"https:\/\/i0.wp.com\/ict.uach.cl\/wp-content\/uploads\/2016\/07\/BiobioChileMocho02-08-15.jpg?resize=300%2C254\" alt=\"BiobioChileMocho02-08-15\" width=\"300\" height=\"254\" data-recalc-dims=\"1\" \/><\/a><\/p>\n<p>Ver m\u00e1s: <a href=\"http:\/\/www.biobiochile.cl\/2015\/08\/02\/experto-advierte-necesidad-de-disponer-de-medidas-de-prevencion-por-volcan-mocho-choshuenco.shtml\" target=\"_blank\">BioBioChile<\/a><\/p>\n","protected":false},"excerpt":{"rendered":"<p>El Volc\u00e1n Mocho-Choshuenco tendr\u00eda una frecuencia de erupci\u00f3n de aproximadamente 150 a\u00f1os y su \u00faltima erupci\u00f3n fue en 1864.<\/p>\n","protected":false},"author":3,"featured_media":314,"comment_status":"open","ping_status":"open","sticky":false,"template":"","format":"standard","meta":[],"categories":[1],"tags":[],"jetpack_featured_media_url":"https:\/\/i0.wp.com\/ict.uach.cl\/wp-content\/uploads\/2016\/07\/BiobioChileMocho02-08-15.jpg?fit=478%2C404","jetpack_sharing_enabled":true,"jetpack_shortlink":"https:\/\/wp.me\/p7KgB1-4w","jetpack-related-posts":[],"_links":{"self":[{"href":"http:\/\/ict.uach.cl\/index.php?rest_route=\/wp\/v2\/posts\/280"}],"collection":[{"href":"http:\/\/ict.uach.cl\/index.php?rest_route=\/wp\/v2\/posts"}],"about":[{"href":"http:\/\/ict.uach.cl\/index.php?rest_route=\/wp\/v2\/types\/post"}],"author":[{"embeddable":true,"href":"http:\/\/ict.uach.cl\/index.php?rest_route=\/wp\/v2\/users\/3"}],"replies":[{"embeddable":true,"href":"http:\/\/ict.uach.cl\/index.php?rest_route=%2Fwp%2Fv2%2Fcomments&post=280"}],"version-history":[{"count":3,"href":"http:\/\/ict.uach.cl\/index.php?rest_route=\/wp\/v2\/posts\/280\/revisions"}],"predecessor-version":[{"id":315,"href":"http:\/\/ict.uach.cl\/index.php?rest_route=\/wp\/v2\/posts\/280\/revisions\/315"}],"wp:featuredmedia":[{"embeddable":true,"href":"http:\/\/ict.uach.cl\/index.php?rest_route=\/wp\/v2\/media\/314"}],"wp:attachment":[{"href":"http:\/\/ict.uach.cl\/index.php?rest_route=%2Fwp%2Fv2%2Fmedia&parent=280"}],"wp:term":[{"taxonomy":"category","embeddable":true,"href":"http:\/\/ict.uach.cl\/index.php?rest_route=%2Fwp%2Fv2%2Fcategories&post=280"},{"taxonomy":"post_tag","embeddable":true,"href":"http:\/\/ict.uach.cl\/index.php?rest_route=%2Fwp%2Fv2%2Ftags&post=280"}],"curies":[{"name":"wp","href":"https:\/\/api.w.org\/{rel}","templated":true}]}}