{"id":299,"date":"2015-07-10T18:14:37","date_gmt":"2015-07-10T18:14:37","guid":{"rendered":"http:\/\/ict.uach.cl\/?p=299"},"modified":"2016-07-30T20:05:51","modified_gmt":"2016-07-30T20:05:51","slug":"el-dr-jasper-moernaut-participo-en-el-coloquio-geologia-y-riesgos-naturales-organizado-por-valdivia-sin-represas","status":"publish","type":"post","link":"http:\/\/ict.uach.cl\/?p=299&lang=es","title":{"rendered":"El Dr. Jasper Moernaut particip\u00f3 en el coloquio &#8220;Geolog\u00eda y riesgos naturales&#8221; organizado por Valdivia sin represas"},"content":{"rendered":"<p>Durante dos horas de presentaci\u00f3n y respuestas al p\u00fablico, y conjunto con su colega ge\u00f3grafo Cristian Araya de la Pontificia Universidad Cat\u00f3lica de Valpara\u00edso, el Dr. Jasper Moernaut present\u00f3 y explic\u00f3 los diferentes riesgos geol\u00f3gicos que pueden desarrollarse al lado del Rio San Pedro, y potencialmente afectar la futura central hidroel\u00e9ctrica liderada por Colb\u00fan. <!--more Leer m\u00e1s--><\/p>\n<p><a href=\"http:\/\/www.australvaldivia.cl\/impresa\/2015\/07\/14\/full\/cuerpo-principal\/2\/\" target=\"_blank\"><img decoding=\"async\" loading=\"lazy\" class=\"alignright wp-image-255 size-medium\" src=\"https:\/\/i0.wp.com\/ict.uach.cl\/wp-content\/uploads\/2016\/07\/diariojaspersinrepresa10-07-15.jpg?resize=210%2C300\" alt=\"diariojaspersinrepresa10-07-15\" width=\"210\" height=\"300\" data-recalc-dims=\"1\" \/><\/a>Entre ellos se encuentran las remociones en masa en la zona de los tacos, que es localizada aguas arriba de la represa. Estos gran movimientos se producen durante terremotos y son conocidos por obstruir el Rio San Pedro como fue el caso en 1960, con la formaci\u00f3n posterior del Ri\u00f1ihuazo. El deslizamiento ocurre por combinaci\u00f3n de la aceleraci\u00f3n s\u00edsmica y de la saturaci\u00f3n en agua de un estrato de sedimentos critico que existe en las riberas del Rio San Pedro. El aumento del nivel del agua debido al embalse de la represa podr\u00eda afectar las propiedades de estos niveles cr\u00edticos y favorecer movimientos en masa en caso de terremotos.<\/p>\n<p>Seg\u00fan Jasper Moernaut, el otro riesgo geol\u00f3gico significativo para la represa es el tipo de terremoto en su mismo, que fue mal evaluado en el impacto ambiental presentado por la empresa. En ese tema, la &#8220;peor situaci\u00f3n posible&#8221; se refiere generalmente al terremoto interplaca de 1960, que gener\u00f3 una aceleraci\u00f3n s\u00edsmica de 0.44g. Sin embargo, se sabe que los terremotos intraplacas, aunque de menor magnitud, generan mucho m\u00e1s da\u00f1o cerca del epicentro que los interplacas, con aceleraciones s\u00edsmicas muy por encimas de 0.5g. Dichos terremotos ya ocurrieron en Chile (Chillan, 1939) y son reconocidos como los terremotos hist\u00f3ricos m\u00e1s destructivos y mort\u00edferos.<\/p>\n<p>ver mas: <a href=\"http:\/\/www.australvaldivia.cl\/impresa\/2015\/07\/14\/full\/cuerpo-principal\/2\/\" target=\"_blank\">diario austral<\/a><\/p>\n<p>&nbsp;<\/p>\n","protected":false},"excerpt":{"rendered":"<p>Durante dos horas de presentaci\u00f3n y respuestas al p\u00fablico, y conjunto con su colega ge\u00f3grafo Cristian Araya de la Pontificia Universidad Cat\u00f3lica de Valpara\u00edso, el Dr. Jasper Moernaut present\u00f3 y explic\u00f3 los diferentes riesgos geol\u00f3gicos que pueden desarrollarse al lado del Rio San Pedro, y potencialmente afectar la futura central hidroel\u00e9ctrica liderada por Colb\u00fan.<\/p>\n","protected":false},"author":3,"featured_media":324,"comment_status":"open","ping_status":"open","sticky":false,"template":"","format":"standard","meta":[],"categories":[1],"tags":[],"jetpack_featured_media_url":"https:\/\/i0.wp.com\/ict.uach.cl\/wp-content\/uploads\/2016\/07\/diariojaspersinrepresa10-07-15.jpg?fit=300%2C429","jetpack_sharing_enabled":true,"jetpack_shortlink":"https:\/\/wp.me\/p7KgB1-4P","jetpack-related-posts":[],"_links":{"self":[{"href":"http:\/\/ict.uach.cl\/index.php?rest_route=\/wp\/v2\/posts\/299"}],"collection":[{"href":"http:\/\/ict.uach.cl\/index.php?rest_route=\/wp\/v2\/posts"}],"about":[{"href":"http:\/\/ict.uach.cl\/index.php?rest_route=\/wp\/v2\/types\/post"}],"author":[{"embeddable":true,"href":"http:\/\/ict.uach.cl\/index.php?rest_route=\/wp\/v2\/users\/3"}],"replies":[{"embeddable":true,"href":"http:\/\/ict.uach.cl\/index.php?rest_route=%2Fwp%2Fv2%2Fcomments&post=299"}],"version-history":[{"count":2,"href":"http:\/\/ict.uach.cl\/index.php?rest_route=\/wp\/v2\/posts\/299\/revisions"}],"predecessor-version":[{"id":325,"href":"http:\/\/ict.uach.cl\/index.php?rest_route=\/wp\/v2\/posts\/299\/revisions\/325"}],"wp:featuredmedia":[{"embeddable":true,"href":"http:\/\/ict.uach.cl\/index.php?rest_route=\/wp\/v2\/media\/324"}],"wp:attachment":[{"href":"http:\/\/ict.uach.cl\/index.php?rest_route=%2Fwp%2Fv2%2Fmedia&parent=299"}],"wp:term":[{"taxonomy":"category","embeddable":true,"href":"http:\/\/ict.uach.cl\/index.php?rest_route=%2Fwp%2Fv2%2Fcategories&post=299"},{"taxonomy":"post_tag","embeddable":true,"href":"http:\/\/ict.uach.cl\/index.php?rest_route=%2Fwp%2Fv2%2Ftags&post=299"}],"curies":[{"name":"wp","href":"https:\/\/api.w.org\/{rel}","templated":true}]}}