{"id":334,"date":"2016-07-30T20:13:54","date_gmt":"2016-07-30T20:13:54","guid":{"rendered":"http:\/\/ict.uach.cl\/?p=334"},"modified":"2016-07-30T23:40:02","modified_gmt":"2016-07-30T23:40:02","slug":"nueva-publicacion-de-ana-abarzua-acerca-de-incendios-forestales-en-chile-central-durante-el-neogeno","status":"publish","type":"post","link":"http:\/\/ict.uach.cl\/?p=334&lang=es","title":{"rendered":"Nueva publicaci\u00f3n de Ana Abarz\u00faa acerca de incendios forestales en Chile Central durante el Ne\u00f3geno"},"content":{"rendered":"<p>Evidence of Neogene wildfires in central Chile: Charcoal records from the Navidad Formation. By Abarz\u00faa, A.M., Vargas, C., Jarpa, L., Guti\u00e9rrez, N.M., Hinojos, L.F., Paula, S.<!--more Leer m\u00e1s--><\/p>\n<p>In Palaeogeography, Palaeoclimatology, Palaeoecology.<\/p>\n<p><a href=\"http:\/\/www.sciencedirect.com\/science\/article\/pii\/S0031018216302280\" target=\"_blank\">Ver m\u00e1s<\/a><\/p>\n<p><a href=\"http:\/\/www.sciencedirect.com\/science\/article\/pii\/S0031018216302280\" target=\"_blank\"><img decoding=\"async\" loading=\"lazy\" class=\"alignnone size-full wp-image-407\" src=\"https:\/\/i0.wp.com\/ict.uach.cl\/wp-content\/uploads\/2016\/07\/PPP.gif?resize=112%2C150\" alt=\"PPP\" width=\"112\" height=\"150\" data-recalc-dims=\"1\" \/><\/a><\/p>\n<p>&nbsp;<\/p>\n","protected":false},"excerpt":{"rendered":"<p>Evidence of Neogene wildfires in central Chile: Charcoal records from the Navidad Formation. By Abarz\u00faa, A.M., Vargas, C., Jarpa, L., Guti\u00e9rrez, N.M., Hinojos, L.F., Paula, S.<\/p>\n","protected":false},"author":3,"featured_media":335,"comment_status":"open","ping_status":"open","sticky":false,"template":"","format":"standard","meta":[],"categories":[1],"tags":[14],"jetpack_featured_media_url":"https:\/\/i0.wp.com\/ict.uach.cl\/wp-content\/uploads\/2016\/07\/PPP.gif?fit=113%2C150","jetpack_sharing_enabled":true,"jetpack_shortlink":"https:\/\/wp.me\/p7KgB1-5o","jetpack-related-posts":[],"_links":{"self":[{"href":"http:\/\/ict.uach.cl\/index.php?rest_route=\/wp\/v2\/posts\/334"}],"collection":[{"href":"http:\/\/ict.uach.cl\/index.php?rest_route=\/wp\/v2\/posts"}],"about":[{"href":"http:\/\/ict.uach.cl\/index.php?rest_route=\/wp\/v2\/types\/post"}],"author":[{"embeddable":true,"href":"http:\/\/ict.uach.cl\/index.php?rest_route=\/wp\/v2\/users\/3"}],"replies":[{"embeddable":true,"href":"http:\/\/ict.uach.cl\/index.php?rest_route=%2Fwp%2Fv2%2Fcomments&post=334"}],"version-history":[{"count":1,"href":"http:\/\/ict.uach.cl\/index.php?rest_route=\/wp\/v2\/posts\/334\/revisions"}],"predecessor-version":[{"id":336,"href":"http:\/\/ict.uach.cl\/index.php?rest_route=\/wp\/v2\/posts\/334\/revisions\/336"}],"wp:featuredmedia":[{"embeddable":true,"href":"http:\/\/ict.uach.cl\/index.php?rest_route=\/wp\/v2\/media\/335"}],"wp:attachment":[{"href":"http:\/\/ict.uach.cl\/index.php?rest_route=%2Fwp%2Fv2%2Fmedia&parent=334"}],"wp:term":[{"taxonomy":"category","embeddable":true,"href":"http:\/\/ict.uach.cl\/index.php?rest_route=%2Fwp%2Fv2%2Fcategories&post=334"},{"taxonomy":"post_tag","embeddable":true,"href":"http:\/\/ict.uach.cl\/index.php?rest_route=%2Fwp%2Fv2%2Ftags&post=334"}],"curies":[{"name":"wp","href":"https:\/\/api.w.org\/{rel}","templated":true}]}}