{"id":337,"date":"2016-06-28T20:28:24","date_gmt":"2016-06-28T20:28:24","guid":{"rendered":"http:\/\/ict.uach.cl\/?p=337"},"modified":"2016-07-30T21:56:36","modified_gmt":"2016-07-30T21:56:36","slug":"no-te-pierdes-el-dia-del-asteroide-este-30-de-junio","status":"publish","type":"post","link":"http:\/\/ict.uach.cl\/?p=337&lang=es","title":{"rendered":"No te pierdas el D\u00eda del Asteroide este 30 de Junio!"},"content":{"rendered":"<p>Este 30 de Junio se celebrar\u00e1 el D\u00eda  del Asteroide. El ICT participa en el evento con 3 charlas a cargo del Dr. Alexandre Corgne, de la Dra. Karen Moreno y del Dr. Mario Pino.<br \/>\n<!--more Leer m\u00e1s--><\/p>\n<p><a href=\"http:\/\/noticias.uach.cl\/principal.php?pag=noticia-externo&#038;cod=94721\" target=\"_blank\"><img decoding=\"async\" loading=\"lazy\" class=\" size-medium wp-image-395 aligncenter\" src=\"https:\/\/i0.wp.com\/ict.uach.cl\/wp-content\/uploads\/2016\/07\/asteroid_day.jpg?resize=300%2C254\" alt=\"asteroid_day\" width=\"300\" height=\"254\" data-recalc-dims=\"1\" \/><\/a><\/p>\n<p>Ver m\u00e1s: <a href=\"http:\/\/noticias.uach.cl\/principal.php?pag=noticia-externo&#038;cod=94721\" target=\"_blank\">Noticias UACh<\/a><\/p>\n","protected":false},"excerpt":{"rendered":"<p>Este 30 de Junio se celebrar\u00e1 el D\u00eda del Asteroide. El ICT participa en el evento con 3 charlas a cargo del Dr. Alexandre Corgne, de la Dra. Karen Moreno y del Dr. Mario Pino.<\/p>\n","protected":false},"author":3,"featured_media":338,"comment_status":"open","ping_status":"open","sticky":false,"template":"","format":"standard","meta":[],"categories":[1],"tags":[],"jetpack_featured_media_url":"https:\/\/i0.wp.com\/ict.uach.cl\/wp-content\/uploads\/2016\/07\/asteroid_day.jpg?fit=1920%2C2779","jetpack_sharing_enabled":true,"jetpack_shortlink":"https:\/\/wp.me\/p7KgB1-5r","jetpack-related-posts":[],"_links":{"self":[{"href":"http:\/\/ict.uach.cl\/index.php?rest_route=\/wp\/v2\/posts\/337"}],"collection":[{"href":"http:\/\/ict.uach.cl\/index.php?rest_route=\/wp\/v2\/posts"}],"about":[{"href":"http:\/\/ict.uach.cl\/index.php?rest_route=\/wp\/v2\/types\/post"}],"author":[{"embeddable":true,"href":"http:\/\/ict.uach.cl\/index.php?rest_route=\/wp\/v2\/users\/3"}],"replies":[{"embeddable":true,"href":"http:\/\/ict.uach.cl\/index.php?rest_route=%2Fwp%2Fv2%2Fcomments&post=337"}],"version-history":[{"count":3,"href":"http:\/\/ict.uach.cl\/index.php?rest_route=\/wp\/v2\/posts\/337\/revisions"}],"predecessor-version":[{"id":342,"href":"http:\/\/ict.uach.cl\/index.php?rest_route=\/wp\/v2\/posts\/337\/revisions\/342"}],"wp:featuredmedia":[{"embeddable":true,"href":"http:\/\/ict.uach.cl\/index.php?rest_route=\/wp\/v2\/media\/338"}],"wp:attachment":[{"href":"http:\/\/ict.uach.cl\/index.php?rest_route=%2Fwp%2Fv2%2Fmedia&parent=337"}],"wp:term":[{"taxonomy":"category","embeddable":true,"href":"http:\/\/ict.uach.cl\/index.php?rest_route=%2Fwp%2Fv2%2Fcategories&post=337"},{"taxonomy":"post_tag","embeddable":true,"href":"http:\/\/ict.uach.cl\/index.php?rest_route=%2Fwp%2Fv2%2Ftags&post=337"}],"curies":[{"name":"wp","href":"https:\/\/api.w.org\/{rel}","templated":true}]}}