{"id":341,"date":"2016-06-18T21:42:03","date_gmt":"2016-06-18T21:42:03","guid":{"rendered":"http:\/\/ict.uach.cl\/?p=341"},"modified":"2016-07-30T21:54:08","modified_gmt":"2016-07-30T21:54:08","slug":"vean-el-capitulo-de-tecnociencia-dedicado-al-proyecto-geoparque-kutralkura-con-participacion-de-manuel-schilling","status":"publish","type":"post","link":"http:\/\/ict.uach.cl\/?p=341&lang=es","title":{"rendered":"Vean el cap\u00edtulo de Tecnociencia dedicado al proyecto Geoparque K\u00fctralkura con participaci\u00f3n de Manuel Schilling."},"content":{"rendered":"<p>19 Junio 2016: Araucan\u00eda, vulcanolog\u00eda y geolog\u00eda<\/p>\n<p>En un nuevo cap\u00edtulo de Tecnociencia en Ruta, Andrea Obaid viajar\u00e1 hasta la Regi\u00f3n de la Araucan\u00eda para conocer el Geoparque Kutralkura. Visitar\u00e1 los volcanes Llaima y Lonquimay e ir\u00e1 hasta el Parque Conguillio con araucarias milenarias de 1800 a\u00f1os de edad. Adem\u00e1s, conocer\u00e1 historias de cient\u00edficos que trabajan con la comunidad Mapuche para poner en valor nuestro patrimonio.<\/p>\n<p><!--more Leer m\u00e1s--><\/p>\n<p><a href=\"http:\/\/www.13.cl\/c\/programas\/tecnociencia\/capitulos\/19-junio-2016-araucania-vulcanologia-y-geologia\" target=\"_blank\"><img decoding=\"async\" loading=\"lazy\" class=\" size-medium wp-image-395 aligncenter\" src=\"https:\/\/i0.wp.com\/ict.uach.cl\/wp-content\/uploads\/2016\/07\/kutrulkura.png?resize=300%2C254\" alt=\"kutrulkura\" width=\"300\" height=\"254\" data-recalc-dims=\"1\" \/><\/a><\/p>\n<p>Ver m\u00e1s: <a href=\"http:\/\/www.13.cl\/c\/programas\/tecnociencia\/capitulos\/19-junio-2016-araucania-vulcanologia-y-geologia\" target=\"_blank\">Tecnociencia<\/a><\/p>\n","protected":false},"excerpt":{"rendered":"<p>19 Junio 2016: Araucan\u00eda, vulcanolog\u00eda y geolog\u00eda En un nuevo cap\u00edtulo de Tecnociencia en Ruta, Andrea Obaid viajar\u00e1 hasta la Regi\u00f3n de la Araucan\u00eda para conocer el Geoparque Kutralkura. Visitar\u00e1 los volcanes Llaima y Lonquimay e ir\u00e1 hasta el Parque Conguillio con araucarias milenarias de 1800 a\u00f1os de edad. Adem\u00e1s, conocer\u00e1 historias de cient\u00edficos que [&hellip;]<\/p>\n","protected":false},"author":3,"featured_media":343,"comment_status":"open","ping_status":"open","sticky":false,"template":"","format":"standard","meta":[],"categories":[1],"tags":[],"jetpack_featured_media_url":"https:\/\/i0.wp.com\/ict.uach.cl\/wp-content\/uploads\/2016\/07\/kutrulkura.png?fit=838%2C630","jetpack_sharing_enabled":true,"jetpack_shortlink":"https:\/\/wp.me\/p7KgB1-5v","jetpack-related-posts":[],"_links":{"self":[{"href":"http:\/\/ict.uach.cl\/index.php?rest_route=\/wp\/v2\/posts\/341"}],"collection":[{"href":"http:\/\/ict.uach.cl\/index.php?rest_route=\/wp\/v2\/posts"}],"about":[{"href":"http:\/\/ict.uach.cl\/index.php?rest_route=\/wp\/v2\/types\/post"}],"author":[{"embeddable":true,"href":"http:\/\/ict.uach.cl\/index.php?rest_route=\/wp\/v2\/users\/3"}],"replies":[{"embeddable":true,"href":"http:\/\/ict.uach.cl\/index.php?rest_route=%2Fwp%2Fv2%2Fcomments&post=341"}],"version-history":[{"count":1,"href":"http:\/\/ict.uach.cl\/index.php?rest_route=\/wp\/v2\/posts\/341\/revisions"}],"predecessor-version":[{"id":344,"href":"http:\/\/ict.uach.cl\/index.php?rest_route=\/wp\/v2\/posts\/341\/revisions\/344"}],"wp:featuredmedia":[{"embeddable":true,"href":"http:\/\/ict.uach.cl\/index.php?rest_route=\/wp\/v2\/media\/343"}],"wp:attachment":[{"href":"http:\/\/ict.uach.cl\/index.php?rest_route=%2Fwp%2Fv2%2Fmedia&parent=341"}],"wp:term":[{"taxonomy":"category","embeddable":true,"href":"http:\/\/ict.uach.cl\/index.php?rest_route=%2Fwp%2Fv2%2Fcategories&post=341"},{"taxonomy":"post_tag","embeddable":true,"href":"http:\/\/ict.uach.cl\/index.php?rest_route=%2Fwp%2Fv2%2Ftags&post=341"}],"curies":[{"name":"wp","href":"https:\/\/api.w.org\/{rel}","templated":true}]}}