{"id":352,"date":"2016-06-14T23:12:40","date_gmt":"2016-06-14T23:12:40","guid":{"rendered":"http:\/\/ict.uach.cl\/?p=352"},"modified":"2016-07-30T23:31:54","modified_gmt":"2016-07-30T23:31:54","slug":"descubre-la-video-viral-estrechez-de-educacion-de-nuestros-estudiantes-de-cee-geologia-uach","status":"publish","type":"post","link":"http:\/\/ict.uach.cl\/?p=352&lang=es","title":{"rendered":"Descubre la video viral &#8220;Estrechez de Educaci\u00f3n&#8221; de nuestros estudiantes de Cee Geologia Uach"},"content":{"rendered":"<p>Los estudiantes de la Carrera de Geolog\u00eda crearon &#8220;Estrechez de educaci\u00f3n&#8221; para expresarse de manera creativa a favor del movimiento estudiantil. <!--more Leer m\u00e1s--><\/p>\n<p><a href=\"https:\/\/www.youtube.com\/watch?v=MLWDIKPy8dg\" target=\"_blank\"><img decoding=\"async\" loading=\"lazy\" class=\" size-medium wp-image-395 aligncenter\" src=\"https:\/\/i0.wp.com\/ict.uach.cl\/wp-content\/uploads\/2016\/07\/estrechezeducacion.png?resize=300%2C254\" alt=\"estrechezeducacion\" width=\"300\" height=\"254\" data-recalc-dims=\"1\" \/><\/a><\/p>\n<p>Ver m\u00e1s: <a href=\"https:\/\/www.youtube.com\/watch?v=MLWDIKPy8dg\" target=\"_blank\">Youtube<\/a><br \/>\n<a href=\"<a href=\"http:\/\/www.cnnchile.com\/noticia\/2016\/06\/14\/al-ritmo-de-los-prisioneros-estudiantes-piden-sacar-el-mercado-de-la-educacion\" target=\"_blank\">CNNChile<\/a>, <a href=\"<a href=\"http:\/\/www.elnaveghable.cl\/noticia\/sociedad\/cerrera-de-geologia-de-la-uach-la-rompe-en-youtube-con-el-hit-estrechez-de-educacio\" target=\"_blank\">El Naveghable<\/a>, <a href=\"<a href=\"http:\/\/www.elmostrador.cl\/noticias\/multimedia\/2016\/06\/14\/video-estrechez-de-educacion-el-video-viral-de-los-alumnos-de-geologia-de-la-uach-que-se-ha-vuelto-un-exito-en-redes-sociales\/\" target=\"_blank\">El Mostrador<\/a>, <a href=\"<a href=\"http:\/\/www.latercera.com\/noticia\/nacional\/2016\/06\/680-685022-9-estrechez-de-educacion-es-el-viral-inspirado-en-los-prisioneros-que-se-toma-el.shtml\" target=\"_blank\">La Tercera<\/a><\/p>\n","protected":false},"excerpt":{"rendered":"<p>Los estudiantes de la Carrera de Geolog\u00eda crearon &#8220;Estrechez de educaci\u00f3n&#8221; para expresarse de manera creativa a favor del movimiento estudiantil.<\/p>\n","protected":false},"author":3,"featured_media":353,"comment_status":"open","ping_status":"open","sticky":false,"template":"","format":"standard","meta":[],"categories":[1],"tags":[],"jetpack_featured_media_url":"https:\/\/i0.wp.com\/ict.uach.cl\/wp-content\/uploads\/2016\/07\/estrechezeducacion.png?fit=1366%2C768","jetpack_sharing_enabled":true,"jetpack_shortlink":"https:\/\/wp.me\/p7KgB1-5G","jetpack-related-posts":[],"_links":{"self":[{"href":"http:\/\/ict.uach.cl\/index.php?rest_route=\/wp\/v2\/posts\/352"}],"collection":[{"href":"http:\/\/ict.uach.cl\/index.php?rest_route=\/wp\/v2\/posts"}],"about":[{"href":"http:\/\/ict.uach.cl\/index.php?rest_route=\/wp\/v2\/types\/post"}],"author":[{"embeddable":true,"href":"http:\/\/ict.uach.cl\/index.php?rest_route=\/wp\/v2\/users\/3"}],"replies":[{"embeddable":true,"href":"http:\/\/ict.uach.cl\/index.php?rest_route=%2Fwp%2Fv2%2Fcomments&post=352"}],"version-history":[{"count":3,"href":"http:\/\/ict.uach.cl\/index.php?rest_route=\/wp\/v2\/posts\/352\/revisions"}],"predecessor-version":[{"id":356,"href":"http:\/\/ict.uach.cl\/index.php?rest_route=\/wp\/v2\/posts\/352\/revisions\/356"}],"wp:featuredmedia":[{"embeddable":true,"href":"http:\/\/ict.uach.cl\/index.php?rest_route=\/wp\/v2\/media\/353"}],"wp:attachment":[{"href":"http:\/\/ict.uach.cl\/index.php?rest_route=%2Fwp%2Fv2%2Fmedia&parent=352"}],"wp:term":[{"taxonomy":"category","embeddable":true,"href":"http:\/\/ict.uach.cl\/index.php?rest_route=%2Fwp%2Fv2%2Fcategories&post=352"},{"taxonomy":"post_tag","embeddable":true,"href":"http:\/\/ict.uach.cl\/index.php?rest_route=%2Fwp%2Fv2%2Ftags&post=352"}],"curies":[{"name":"wp","href":"https:\/\/api.w.org\/{rel}","templated":true}]}}