{"id":366,"date":"2016-05-19T00:15:16","date_gmt":"2016-05-19T00:15:16","guid":{"rendered":"http:\/\/ict.uach.cl\/?p=366"},"modified":"2016-07-31T00:16:28","modified_gmt":"2016-07-31T00:16:28","slug":"366","status":"publish","type":"post","link":"http:\/\/ict.uach.cl\/?p=366&lang=es","title":{"rendered":"Charla de Eduardo Jaramillo &#8220;Terremotos, tsunamis y erupciones volc\u00e1nicas &#8211; efectos en los ecosistemas acu\u00e1ticos&#8221; en el PatioBar."},"content":{"rendered":"<p>Eduardo Jaramillo particip\u00f3 en los &#8220;Encuentros ConCiencia, tardes de cultura, cerveza y conversaci\u00f3n&#8221; en el Restaurant PatioBar de Valdivia. Vea su charla &#8220;Terremotos, tsunamis y erupciones volc\u00e1nicas &#8211; efectos en los ecosistemas acu\u00e1ticos&#8221;. <!--more Leer m\u00e1s--><\/p>\n<p><a href=\"https:\/\/videoteca.uach.cl\/videos\/video\/1794\/\" target=\"_blank\"><img decoding=\"async\" loading=\"lazy\" class=\" size-medium wp-image-395 aligncenter\" src=\"https:\/\/i0.wp.com\/ict.uach.cl\/wp-content\/uploads\/2016\/07\/charlaPatio.png?resize=300%2C254\" alt=\"charlaPatio\" width=\"300\" height=\"254\" data-recalc-dims=\"1\" \/><\/a><\/p>\n<p>Ver m\u00e1s: <a href=\"https:\/\/videoteca.uach.cl\/videos\/video\/1794\/\" target=\"_blank\">Videoteca UACh<\/a><\/p>\n","protected":false},"excerpt":{"rendered":"<p>Eduardo Jaramillo particip\u00f3 en los &#8220;Encuentros ConCiencia, tardes de cultura, cerveza y conversaci\u00f3n&#8221; en el Restaurant PatioBar de Valdivia. Vea su charla &#8220;Terremotos, tsunamis y erupciones volc\u00e1nicas &#8211; efectos en los ecosistemas acu\u00e1ticos&#8221;.<\/p>\n","protected":false},"author":3,"featured_media":367,"comment_status":"open","ping_status":"open","sticky":false,"template":"","format":"standard","meta":[],"categories":[1],"tags":[],"jetpack_featured_media_url":"https:\/\/i0.wp.com\/ict.uach.cl\/wp-content\/uploads\/2016\/07\/charlaPatio.png?fit=1366%2C768","jetpack_sharing_enabled":true,"jetpack_shortlink":"https:\/\/wp.me\/s7KgB1-366","jetpack-related-posts":[],"_links":{"self":[{"href":"http:\/\/ict.uach.cl\/index.php?rest_route=\/wp\/v2\/posts\/366"}],"collection":[{"href":"http:\/\/ict.uach.cl\/index.php?rest_route=\/wp\/v2\/posts"}],"about":[{"href":"http:\/\/ict.uach.cl\/index.php?rest_route=\/wp\/v2\/types\/post"}],"author":[{"embeddable":true,"href":"http:\/\/ict.uach.cl\/index.php?rest_route=\/wp\/v2\/users\/3"}],"replies":[{"embeddable":true,"href":"http:\/\/ict.uach.cl\/index.php?rest_route=%2Fwp%2Fv2%2Fcomments&post=366"}],"version-history":[{"count":3,"href":"http:\/\/ict.uach.cl\/index.php?rest_route=\/wp\/v2\/posts\/366\/revisions"}],"predecessor-version":[{"id":370,"href":"http:\/\/ict.uach.cl\/index.php?rest_route=\/wp\/v2\/posts\/366\/revisions\/370"}],"wp:featuredmedia":[{"embeddable":true,"href":"http:\/\/ict.uach.cl\/index.php?rest_route=\/wp\/v2\/media\/367"}],"wp:attachment":[{"href":"http:\/\/ict.uach.cl\/index.php?rest_route=%2Fwp%2Fv2%2Fmedia&parent=366"}],"wp:term":[{"taxonomy":"category","embeddable":true,"href":"http:\/\/ict.uach.cl\/index.php?rest_route=%2Fwp%2Fv2%2Fcategories&post=366"},{"taxonomy":"post_tag","embeddable":true,"href":"http:\/\/ict.uach.cl\/index.php?rest_route=%2Fwp%2Fv2%2Ftags&post=366"}],"curies":[{"name":"wp","href":"https:\/\/api.w.org\/{rel}","templated":true}]}}