{"id":446,"date":"2016-10-04T17:09:19","date_gmt":"2016-10-04T17:09:19","guid":{"rendered":"http:\/\/ict.uach.cl\/?p=446"},"modified":"2016-10-07T17:14:41","modified_gmt":"2016-10-07T17:14:41","slug":"se-abre-concurso-para-cargo-academico-a-jornada-completa","status":"publish","type":"post","link":"http:\/\/ict.uach.cl\/?p=446&lang=es","title":{"rendered":"Se abre concurso para cargo acad\u00e9mico a jornada completa."},"content":{"rendered":"<p>El cargo implica incorporarse a un equipo acad\u00e9mico multidisciplinario a fin de desarrollar docencia de pregrado en geolog\u00eda y geoqu\u00edmica ambiental, realizar actividades de investigaci\u00f3n cient\u00edfica, vinculaci\u00f3n con el medio y gesti\u00f3n universitaria. <!--more Leer m\u00e1s--><br \/>\n<a href=\"http:\/\/ict.uach.cl\/wp-content\/uploads\/2016\/10\/concurso.jpg\">M\u00e1s informaci\u00f3n<\/a><\/p>\n","protected":false},"excerpt":{"rendered":"<p>El cargo implica incorporarse a un equipo acad\u00e9mico multidisciplinario a fin de desarrollar docencia de pregrado en geolog\u00eda y geoqu\u00edmica ambiental, realizar actividades de investigaci\u00f3n cient\u00edfica, vinculaci\u00f3n con el medio y gesti\u00f3n universitaria.<\/p>\n","protected":false},"author":3,"featured_media":447,"comment_status":"open","ping_status":"open","sticky":false,"template":"","format":"standard","meta":[],"categories":[1],"tags":[],"jetpack_featured_media_url":"https:\/\/i0.wp.com\/ict.uach.cl\/wp-content\/uploads\/2016\/10\/concurso.jpg?fit=742%2C960","jetpack_sharing_enabled":true,"jetpack_shortlink":"https:\/\/wp.me\/p7KgB1-7c","jetpack-related-posts":[],"_links":{"self":[{"href":"http:\/\/ict.uach.cl\/index.php?rest_route=\/wp\/v2\/posts\/446"}],"collection":[{"href":"http:\/\/ict.uach.cl\/index.php?rest_route=\/wp\/v2\/posts"}],"about":[{"href":"http:\/\/ict.uach.cl\/index.php?rest_route=\/wp\/v2\/types\/post"}],"author":[{"embeddable":true,"href":"http:\/\/ict.uach.cl\/index.php?rest_route=\/wp\/v2\/users\/3"}],"replies":[{"embeddable":true,"href":"http:\/\/ict.uach.cl\/index.php?rest_route=%2Fwp%2Fv2%2Fcomments&post=446"}],"version-history":[{"count":6,"href":"http:\/\/ict.uach.cl\/index.php?rest_route=\/wp\/v2\/posts\/446\/revisions"}],"predecessor-version":[{"id":453,"href":"http:\/\/ict.uach.cl\/index.php?rest_route=\/wp\/v2\/posts\/446\/revisions\/453"}],"wp:featuredmedia":[{"embeddable":true,"href":"http:\/\/ict.uach.cl\/index.php?rest_route=\/wp\/v2\/media\/447"}],"wp:attachment":[{"href":"http:\/\/ict.uach.cl\/index.php?rest_route=%2Fwp%2Fv2%2Fmedia&parent=446"}],"wp:term":[{"taxonomy":"category","embeddable":true,"href":"http:\/\/ict.uach.cl\/index.php?rest_route=%2Fwp%2Fv2%2Fcategories&post=446"},{"taxonomy":"post_tag","embeddable":true,"href":"http:\/\/ict.uach.cl\/index.php?rest_route=%2Fwp%2Fv2%2Ftags&post=446"}],"curies":[{"name":"wp","href":"https:\/\/api.w.org\/{rel}","templated":true}]}}