{"id":873,"date":"2017-09-13T19:28:07","date_gmt":"2017-09-13T19:28:07","guid":{"rendered":"http:\/\/ict.uach.cl\/?p=873"},"modified":"2018-05-15T01:32:54","modified_gmt":"2018-05-15T01:32:54","slug":"inauguracion-del-museo-pleistocenico-de-osorno","status":"publish","type":"post","link":"http:\/\/ict.uach.cl\/?p=873&lang=es","title":{"rendered":"Inauguraci\u00f3n del Museo Pleistoc\u00e9nico de Osorno"},"content":{"rendered":"<p>Ayer se inaugur\u00f3 el Museo Pleistoc\u00e9nico de Osorno. Felicitaciones a nuestro Dr. Mario Pino por este gran logro. <a href=\"http:\/\/www.soychile.cl\/Osorno\/Sociedad\/2017\/09\/12\/487003\/Galeria-Asi-luce-el-recien-inaugurado-Museo-Pleistocenico-de-Osorno.aspx\" rel=\"noopener\" target=\"_blank\">Leer m\u00e1s<\/a><\/p>\n","protected":false},"excerpt":{"rendered":"<p>Ayer se inaugur\u00f3 el Museo Pleistoc\u00e9nico de Osorno. Felicitaciones a nuestro Dr. Mario Pino por este gran logro. Leer m\u00e1s<\/p>\n","protected":false},"author":3,"featured_media":0,"comment_status":"open","ping_status":"open","sticky":false,"template":"","format":"standard","meta":[],"categories":[1],"tags":[],"jetpack_featured_media_url":"","jetpack_sharing_enabled":true,"jetpack_shortlink":"https:\/\/wp.me\/p7KgB1-e5","jetpack-related-posts":[],"_links":{"self":[{"href":"http:\/\/ict.uach.cl\/index.php?rest_route=\/wp\/v2\/posts\/873"}],"collection":[{"href":"http:\/\/ict.uach.cl\/index.php?rest_route=\/wp\/v2\/posts"}],"about":[{"href":"http:\/\/ict.uach.cl\/index.php?rest_route=\/wp\/v2\/types\/post"}],"author":[{"embeddable":true,"href":"http:\/\/ict.uach.cl\/index.php?rest_route=\/wp\/v2\/users\/3"}],"replies":[{"embeddable":true,"href":"http:\/\/ict.uach.cl\/index.php?rest_route=%2Fwp%2Fv2%2Fcomments&post=873"}],"version-history":[{"count":2,"href":"http:\/\/ict.uach.cl\/index.php?rest_route=\/wp\/v2\/posts\/873\/revisions"}],"predecessor-version":[{"id":941,"href":"http:\/\/ict.uach.cl\/index.php?rest_route=\/wp\/v2\/posts\/873\/revisions\/941"}],"wp:attachment":[{"href":"http:\/\/ict.uach.cl\/index.php?rest_route=%2Fwp%2Fv2%2Fmedia&parent=873"}],"wp:term":[{"taxonomy":"category","embeddable":true,"href":"http:\/\/ict.uach.cl\/index.php?rest_route=%2Fwp%2Fv2%2Fcategories&post=873"},{"taxonomy":"post_tag","embeddable":true,"href":"http:\/\/ict.uach.cl\/index.php?rest_route=%2Fwp%2Fv2%2Ftags&post=873"}],"curies":[{"name":"wp","href":"https:\/\/api.w.org\/{rel}","templated":true}]}}