{"id":879,"date":"2017-10-14T19:37:17","date_gmt":"2017-10-14T19:37:17","guid":{"rendered":"http:\/\/ict.uach.cl\/?p=879"},"modified":"2018-05-14T19:39:16","modified_gmt":"2018-05-14T19:39:16","slug":"primer-paleontologo-formado-en-el-pais-recibio-su-grado-en-la-universidad-austral-de-chile","status":"publish","type":"post","link":"http:\/\/ict.uach.cl\/?p=879&lang=es","title":{"rendered":"Primer paleont\u00f3logo formado en el pa\u00eds recibi\u00f3 su grado en la Universidad Austral de Chile"},"content":{"rendered":"<p>Felicitaciones Jos\u00e9 P\u00e9rez! Pasaste a la historia como nuestro primer egresado del Mag\u00edster en paleontolog\u00eda UACh! <a href=\"http:\/\/www.australvaldivia.cl\/impresa\/2017\/10\/13\/full\/cuerpo-principal\/5\/?utm_source=facebook&#038;utm_medium=fb&#038;utm_campaign=Fanpage\" rel=\"noopener\" target=\"_blank\">Leer m\u00e1s<\/a><\/p>\n","protected":false},"excerpt":{"rendered":"<p>Felicitaciones Jos\u00e9 P\u00e9rez! Pasaste a la historia como nuestro primer egresado del Mag\u00edster en paleontolog\u00eda UACh! Leer m\u00e1s<\/p>\n","protected":false},"author":3,"featured_media":0,"comment_status":"open","ping_status":"open","sticky":false,"template":"","format":"standard","meta":[],"categories":[1],"tags":[],"jetpack_featured_media_url":"","jetpack_sharing_enabled":true,"jetpack_shortlink":"https:\/\/wp.me\/p7KgB1-eb","jetpack-related-posts":[],"_links":{"self":[{"href":"http:\/\/ict.uach.cl\/index.php?rest_route=\/wp\/v2\/posts\/879"}],"collection":[{"href":"http:\/\/ict.uach.cl\/index.php?rest_route=\/wp\/v2\/posts"}],"about":[{"href":"http:\/\/ict.uach.cl\/index.php?rest_route=\/wp\/v2\/types\/post"}],"author":[{"embeddable":true,"href":"http:\/\/ict.uach.cl\/index.php?rest_route=\/wp\/v2\/users\/3"}],"replies":[{"embeddable":true,"href":"http:\/\/ict.uach.cl\/index.php?rest_route=%2Fwp%2Fv2%2Fcomments&post=879"}],"version-history":[{"count":1,"href":"http:\/\/ict.uach.cl\/index.php?rest_route=\/wp\/v2\/posts\/879\/revisions"}],"predecessor-version":[{"id":880,"href":"http:\/\/ict.uach.cl\/index.php?rest_route=\/wp\/v2\/posts\/879\/revisions\/880"}],"wp:attachment":[{"href":"http:\/\/ict.uach.cl\/index.php?rest_route=%2Fwp%2Fv2%2Fmedia&parent=879"}],"wp:term":[{"taxonomy":"category","embeddable":true,"href":"http:\/\/ict.uach.cl\/index.php?rest_route=%2Fwp%2Fv2%2Fcategories&post=879"},{"taxonomy":"post_tag","embeddable":true,"href":"http:\/\/ict.uach.cl\/index.php?rest_route=%2Fwp%2Fv2%2Ftags&post=879"}],"curies":[{"name":"wp","href":"https:\/\/api.w.org\/{rel}","templated":true}]}}