{"id":905,"date":"2018-03-19T20:02:49","date_gmt":"2018-03-19T20:02:49","guid":{"rendered":"http:\/\/ict.uach.cl\/?p=905"},"modified":"2018-05-15T14:33:08","modified_gmt":"2018-05-15T14:33:08","slug":"chile-se-mueve","status":"publish","type":"post","link":"http:\/\/ict.uach.cl\/?p=905&lang=es","title":{"rendered":"Chile se mueve!"},"content":{"rendered":"<p>P\u00e1gina Facebook de difusi\u00f3n del N\u00facleo Milenio CYCLO. <a href=\"https:\/\/www.facebook.com\/Chile-se-Mueve-163771904414292\/\" target=\"_blank\" rel=\"noopener\">Leer m\u00e1s<\/a><\/p>\n","protected":false},"excerpt":{"rendered":"<p>P\u00e1gina Facebook de difusi\u00f3n del N\u00facleo Milenio CYCLO. Leer m\u00e1s<\/p>\n","protected":false},"author":3,"featured_media":659,"comment_status":"open","ping_status":"open","sticky":false,"template":"","format":"standard","meta":[],"categories":[1],"tags":[],"jetpack_featured_media_url":"https:\/\/i0.wp.com\/ict.uach.cl\/wp-content\/uploads\/2017\/04\/foto_daniel_melnick-e1746838240956.jpg?fit=200%2C200","jetpack_sharing_enabled":true,"jetpack_shortlink":"https:\/\/wp.me\/p7KgB1-eB","jetpack-related-posts":[],"_links":{"self":[{"href":"http:\/\/ict.uach.cl\/index.php?rest_route=\/wp\/v2\/posts\/905"}],"collection":[{"href":"http:\/\/ict.uach.cl\/index.php?rest_route=\/wp\/v2\/posts"}],"about":[{"href":"http:\/\/ict.uach.cl\/index.php?rest_route=\/wp\/v2\/types\/post"}],"author":[{"embeddable":true,"href":"http:\/\/ict.uach.cl\/index.php?rest_route=\/wp\/v2\/users\/3"}],"replies":[{"embeddable":true,"href":"http:\/\/ict.uach.cl\/index.php?rest_route=%2Fwp%2Fv2%2Fcomments&post=905"}],"version-history":[{"count":2,"href":"http:\/\/ict.uach.cl\/index.php?rest_route=\/wp\/v2\/posts\/905\/revisions"}],"predecessor-version":[{"id":971,"href":"http:\/\/ict.uach.cl\/index.php?rest_route=\/wp\/v2\/posts\/905\/revisions\/971"}],"wp:featuredmedia":[{"embeddable":true,"href":"http:\/\/ict.uach.cl\/index.php?rest_route=\/wp\/v2\/media\/659"}],"wp:attachment":[{"href":"http:\/\/ict.uach.cl\/index.php?rest_route=%2Fwp%2Fv2%2Fmedia&parent=905"}],"wp:term":[{"taxonomy":"category","embeddable":true,"href":"http:\/\/ict.uach.cl\/index.php?rest_route=%2Fwp%2Fv2%2Fcategories&post=905"},{"taxonomy":"post_tag","embeddable":true,"href":"http:\/\/ict.uach.cl\/index.php?rest_route=%2Fwp%2Fv2%2Ftags&post=905"}],"curies":[{"name":"wp","href":"https:\/\/api.w.org\/{rel}","templated":true}]}}